{"id":287,"date":"2022-07-06T08:41:40","date_gmt":"2022-07-06T08:41:40","guid":{"rendered":"http:\/\/espaciokuatro.eu\/?p=287"},"modified":"2024-01-31T22:12:11","modified_gmt":"2024-01-31T22:12:11","slug":"retiro-de-yoga-vacaciones","status":"publish","type":"post","link":"https:\/\/espaciokuatro.eu\/index.php\/2022\/07\/06\/retiro-de-yoga-vacaciones\/","title":{"rendered":"Retiros Estacionales, Cabaret y Summer Heart"},"content":{"rendered":"\n<figure class=\"wp-block-gallery has-nested-images columns-default is-cropped wp-block-gallery-1 is-layout-flex wp-block-gallery-is-layout-flex\">\n<figure class=\"wp-block-image size-full\"><img loading=\"lazy\" decoding=\"async\" width=\"960\" height=\"446\" data-id=\"408\" src=\"http:\/\/espaciokuatro.eu\/wp-content\/uploads\/2022\/07\/yoga-mandala.jpg\" alt=\"\" class=\"wp-image-408\" srcset=\"https:\/\/espaciokuatro.eu\/wp-content\/uploads\/2022\/07\/yoga-mandala.jpg 960w, https:\/\/espaciokuatro.eu\/wp-content\/uploads\/2022\/07\/yoga-mandala-300x139.jpg 300w, https:\/\/espaciokuatro.eu\/wp-content\/uploads\/2022\/07\/yoga-mandala-768x357.jpg 768w\" sizes=\"auto, (max-width: 767px) 89vw, (max-width: 1000px) 54vw, (max-width: 1071px) 543px, 580px\" \/><figcaption>TEATRO + VACACIONES<\/figcaption><\/figure>\n\n\n\n<figure class=\"wp-block-image size-large\"><img loading=\"lazy\" decoding=\"async\" width=\"1280\" height=\"960\" data-id=\"406\" src=\"http:\/\/espaciokuatro.eu\/wp-content\/uploads\/2022\/07\/sala-circle.jpg\" alt=\"\" class=\"wp-image-406\" srcset=\"https:\/\/espaciokuatro.eu\/wp-content\/uploads\/2022\/07\/sala-circle.jpg 1280w, https:\/\/espaciokuatro.eu\/wp-content\/uploads\/2022\/07\/sala-circle-300x225.jpg 300w, https:\/\/espaciokuatro.eu\/wp-content\/uploads\/2022\/07\/sala-circle-1024x768.jpg 1024w, https:\/\/espaciokuatro.eu\/wp-content\/uploads\/2022\/07\/sala-circle-768x576.jpg 768w\" sizes=\"auto, (max-width: 767px) 89vw, (max-width: 1000px) 54vw, (max-width: 1071px) 543px, 580px\" \/><\/figure>\n<\/figure>\n\n\n\n<h2 class=\"wp-block-heading\">Descubre Espacio Kuatro en tus pr\u00f3ximas vacaciones y disfruta de una convivencia conectando contigo, la naturaleza y la comunidad que vamos creando aqu\u00ed en el para\u00edso!<\/h2>\n\n\n\n<h2 class=\"wp-block-heading\">Descripci\u00f3n<\/h2>\n\n\n\n<p>Un camino que te impulsar\u00e1 a salir de la llamada &#8220;zona de confort&#8221;.<\/p>\n\n\n\n<p>Bienvenidos a una manera de vivir conectada al ritmo natural del tribu,   Descansamos de los aparatos electr\u00f3nicos, el reloj y la dominaci\u00f3n del tiempo.  As\u00ed, aparece un espacio y una escucha mas amplia en donde podemos disfrutar del d\u00eda, pendientes de nuestras necesidades en el momento.   Cada retiro brinda actividades enfocadas en llevar los participantes en un viaje sin exigencia ni destino, pero llena de intenci\u00f3n y herramientas que sirven por mucho tiempo despu\u00e9s de nuestra experiencia juntos. <\/p>\n\n\n\n<h2 class=\"wp-block-heading\">Temporalizaci\u00f3n<\/h2>\n\n\n\n<figure class=\"wp-block-gallery has-nested-images columns-default is-cropped wp-block-gallery-2 is-layout-flex wp-block-gallery-is-layout-flex\">\n<figure class=\"wp-block-image size-large\"><img loading=\"lazy\" decoding=\"async\" width=\"731\" height=\"1024\" data-id=\"394\" src=\"http:\/\/espaciokuatro.eu\/wp-content\/uploads\/2023\/12\/Helena-2-731x1024.png\" alt=\"\" class=\"wp-image-394\" srcset=\"https:\/\/espaciokuatro.eu\/wp-content\/uploads\/2023\/12\/Helena-2-731x1024.png 731w, https:\/\/espaciokuatro.eu\/wp-content\/uploads\/2023\/12\/Helena-2-214x300.png 214w, https:\/\/espaciokuatro.eu\/wp-content\/uploads\/2023\/12\/Helena-2-768x1075.png 768w, https:\/\/espaciokuatro.eu\/wp-content\/uploads\/2023\/12\/Helena-2-1097x1536.png 1097w, https:\/\/espaciokuatro.eu\/wp-content\/uploads\/2023\/12\/Helena-2.png 1429w\" sizes=\"auto, (max-width: 731px) 100vw, 731px\" \/><figcaption>Alfonso Pindado<\/figcaption><\/figure>\n<\/figure>\n\n\n\n<h2 class=\"wp-block-heading\">C\u00f3mo funcionan los cursos de Espacio Kuatro<\/h2>\n\n\n\n<p>Los cursos de Espacio Kuatro son una experiencia inmersiva, porque combinan el intercambio de conocimientos y el aprendizaje dentro de una disciplina, con la convivencia de monitores, profesorado y alumnado en el entorno natural y privilegiado de nuestras instalaciones.<\/p>\n\n\n\n<p>Al mismo tiempo, puedes combinar los cursos con el descanso, el disfrute y las vacaciones, ya que tendr\u00e1s todas las tardes libres para visitar las playas y otros parajes cercanos.<\/p>\n\n\n\n<h2 class=\"wp-block-heading\">Este curso incluye<\/h2>\n\n\n\n<ul class=\"wp-block-list\"><li>Alojamiento en nuestro albergue -en habitaci\u00f3n compartida o en el apartamento con habitaci\u00f3n doble<\/li><li>Recomendable acudir con veh\u00edculo compartido con otros talleristas, tanto para llegar a Espacio Kuatro, como para los desplazamientos en el tiempo libre. Desde la organizaci\u00f3n os podemos poner en contacto.<br>Si te interesa hacer el curso pero no quieres disfrutar de nuestro albergue, hay un precio reducido.<\/li><\/ul>\n\n\n\n<h2 class=\"wp-block-heading\">M\u00e1s informaci\u00f3n:<\/h2>\n\n\n\n<p><a href=\"mailto:info@espaciokuatro.eu\" target=\"_blank\" rel=\"noreferrer noopener\">espaciokuatro@gmail.com<\/a> <br><a href=\"https:\/\/t.me\/espaciokuatro\" target=\"_blank\" rel=\"noreferrer noopener\">https:\/\/instagram\/espacio_kuatro<\/a><\/p>\n\n\n\n<p>Helena Chalverus \/\/ 681-26-22-33<\/p>\n\n\n\n<div class=\"wp-block-joinchat-button joinchat-button--qr-both has-border-color\" style=\"border-color:#25d366;border-radius:30px;border-style:solid;border-width:6px\"><figure><figcaption>Escanea el c\u00f3digo<\/figcaption><a class=\"joinchat-button__qr has-border-color\" style=\"border-color:#25d366;border-radius:30px;border-style:solid;border-width:6px\" href=\"#whatsapp\"><\/a><\/figure><a class=\"wp-block-button__link joinchat-button__link has-ffffff-color has-text-color has-background has-border-color\" style=\"border-color:#25d366;border-radius:30px;border-style:solid;border-width:6px;background-color:#25d366\" href=\"#whatsapp\"><span><strong>Open Chat<\/strong><\/span><\/a><\/div>\n","protected":false},"excerpt":{"rendered":"<p>Descubre Espacio Kuatro en tus pr\u00f3ximas vacaciones y disfruta de una convivencia conectando contigo, la naturaleza y la comunidad que vamos creando aqu\u00ed en el para\u00edso! Descripci\u00f3n Un camino que te impulsar\u00e1 a salir de la llamada &#8220;zona de confort&#8221;. Bienvenidos a una manera de vivir conectada al ritmo natural del tribu, Descansamos de los &hellip; <\/p>\n<p class=\"link-more\"><a href=\"https:\/\/espaciokuatro.eu\/index.php\/2022\/07\/06\/retiro-de-yoga-vacaciones\/\" class=\"more-link\">Continue reading<span class=\"screen-reader-text\"> &#8220;Retiros Estacionales, Cabaret y Summer Heart&#8221;<\/span><\/a><\/p>\n","protected":false},"author":1,"featured_media":0,"comment_status":"open","ping_status":"open","sticky":false,"template":"","format":"standard","meta":{"om_disable_all_campaigns":false,"_monsterinsights_skip_tracking":false,"_monsterinsights_sitenote_active":false,"_monsterinsights_sitenote_note":"","_monsterinsights_sitenote_category":0,"_joinchat":[],"footnotes":""},"categories":[1],"tags":[],"class_list":["post-287","post","type-post","status-publish","format-standard","hentry","category-sin-categoria"],"aioseo_notices":[],"_links":{"self":[{"href":"https:\/\/espaciokuatro.eu\/index.php\/wp-json\/wp\/v2\/posts\/287","targetHints":{"allow":["GET"]}}],"collection":[{"href":"https:\/\/espaciokuatro.eu\/index.php\/wp-json\/wp\/v2\/posts"}],"about":[{"href":"https:\/\/espaciokuatro.eu\/index.php\/wp-json\/wp\/v2\/types\/post"}],"author":[{"embeddable":true,"href":"https:\/\/espaciokuatro.eu\/index.php\/wp-json\/wp\/v2\/users\/1"}],"replies":[{"embeddable":true,"href":"https:\/\/espaciokuatro.eu\/index.php\/wp-json\/wp\/v2\/comments?post=287"}],"version-history":[{"count":12,"href":"https:\/\/espaciokuatro.eu\/index.php\/wp-json\/wp\/v2\/posts\/287\/revisions"}],"predecessor-version":[{"id":409,"href":"https:\/\/espaciokuatro.eu\/index.php\/wp-json\/wp\/v2\/posts\/287\/revisions\/409"}],"wp:attachment":[{"href":"https:\/\/espaciokuatro.eu\/index.php\/wp-json\/wp\/v2\/media?parent=287"}],"wp:term":[{"taxonomy":"category","embeddable":true,"href":"https:\/\/espaciokuatro.eu\/index.php\/wp-json\/wp\/v2\/categories?post=287"},{"taxonomy":"post_tag","embeddable":true,"href":"https:\/\/espaciokuatro.eu\/index.php\/wp-json\/wp\/v2\/tags?post=287"}],"curies":[{"name":"wp","href":"https:\/\/api.w.org\/{rel}","templated":true}]}}